{"id":8136,"date":"2021-05-13T07:44:33","date_gmt":"2021-05-13T07:44:33","guid":{"rendered":"https:\/\/www.talher.com\/nuevo-itinerario-guiado-por-la-rosaleda-del-retiro\/"},"modified":"2021-07-08T12:05:44","modified_gmt":"2021-07-08T12:05:44","slug":"nou-itinerari-guiat-pel-roserar-del-retiro","status":"publish","type":"post","link":"https:\/\/www.talher.com\/ca\/nou-itinerari-guiat-pel-roserar-del-retiro\/","title":{"rendered":"Nou itinerari guiat pel roserar del Retiro."},"content":{"rendered":"[vc_row type=&#8221;in_container&#8221; full_screen_row_position=&#8221;middle&#8221; column_margin=&#8221;default&#8221; column_direction=&#8221;default&#8221; column_direction_tablet=&#8221;default&#8221; column_direction_phone=&#8221;default&#8221; scene_position=&#8221;center&#8221; text_color=&#8221;dark&#8221; text_align=&#8221;left&#8221; row_border_radius=&#8221;none&#8221; row_border_radius_applies=&#8221;bg&#8221; overlay_strength=&#8221;0.3&#8243; gradient_direction=&#8221;left_to_right&#8221; shape_divider_position=&#8221;bottom&#8221; bg_image_animation=&#8221;none&#8221;][vc_column column_padding=&#8221;no-extra-padding&#8221; column_padding_tablet=&#8221;inherit&#8221; column_padding_phone=&#8221;inherit&#8221; column_padding_position=&#8221;all&#8221; background_color_opacity=&#8221;1&#8243; background_hover_color_opacity=&#8221;1&#8243; column_shadow=&#8221;none&#8221; column_border_radius=&#8221;none&#8221; column_link_target=&#8221;_self&#8221; gradient_direction=&#8221;left_to_right&#8221; overlay_strength=&#8221;0.3&#8243; width=&#8221;1\/1&#8243; tablet_width_inherit=&#8221;default&#8221; tablet_text_alignment=&#8221;default&#8221; phone_text_alignment=&#8221;default&#8221; column_border_width=&#8221;none&#8221; column_border_style=&#8221;solid&#8221; bg_image_animation=&#8221;none&#8221;][divider line_type=&#8221;No Line&#8221; custom_height=&#8221;60&#8243;][\/vc_column][\/vc_row][vc_row type=&#8221;in_container&#8221; full_screen_row_position=&#8221;middle&#8221; column_margin=&#8221;default&#8221; column_direction=&#8221;default&#8221; column_direction_tablet=&#8221;default&#8221; column_direction_phone=&#8221;default&#8221; scene_position=&#8221;center&#8221; text_color=&#8221;dark&#8221; text_align=&#8221;left&#8221; row_border_radius=&#8221;none&#8221; row_border_radius_applies=&#8221;bg&#8221; overlay_strength=&#8221;0.3&#8243; gradient_direction=&#8221;left_to_right&#8221; shape_divider_position=&#8221;bottom&#8221; bg_image_animation=&#8221;none&#8221;][vc_column column_padding=&#8221;no-extra-padding&#8221; column_padding_tablet=&#8221;inherit&#8221; column_padding_phone=&#8221;inherit&#8221; column_padding_position=&#8221;all&#8221; background_color_opacity=&#8221;1&#8243; background_hover_color_opacity=&#8221;1&#8243; column_shadow=&#8221;none&#8221; column_border_radius=&#8221;none&#8221; column_link_target=&#8221;_self&#8221; gradient_direction=&#8221;left_to_right&#8221; overlay_strength=&#8221;0.3&#8243; width=&#8221;1\/1&#8243; tablet_width_inherit=&#8221;default&#8221; tablet_text_alignment=&#8221;default&#8221; phone_text_alignment=&#8221;default&#8221; column_border_width=&#8221;none&#8221; column_border_style=&#8221;solid&#8221; bg_image_animation=&#8221;none&#8221;][vc_column_text]<strong>Dins del programa d&#8217;activitats del Centre d&#8217;Informaci\u00f3 i Educaci\u00f3 Ambiental L&#8217;Hort del Retiro oferim diversos itineraris per a donar a con\u00e8ixer els valors naturals, hist\u00f2rics, culturals i paisatg\u00edstics d&#8217;aquest emblem\u00e0tic parc que compta amb m\u00e9s de 400 anys d&#8217;hist\u00f2ria.<\/strong>[\/vc_column_text][\/vc_column][\/vc_row][vc_row type=&#8221;in_container&#8221; full_screen_row_position=&#8221;middle&#8221; column_margin=&#8221;default&#8221; column_direction=&#8221;default&#8221; column_direction_tablet=&#8221;default&#8221; column_direction_phone=&#8221;default&#8221; scene_position=&#8221;center&#8221; bottom_padding=&#8221;40&#8243; text_color=&#8221;dark&#8221; text_align=&#8221;left&#8221; row_border_radius=&#8221;none&#8221; row_border_radius_applies=&#8221;bg&#8221; overlay_strength=&#8221;0.3&#8243; gradient_direction=&#8221;left_to_right&#8221; shape_divider_position=&#8221;bottom&#8221; bg_image_animation=&#8221;none&#8221; shape_type=&#8221;&#8221;][vc_column column_padding=&#8221;no-extra-padding&#8221; column_padding_tablet=&#8221;inherit&#8221; column_padding_phone=&#8221;inherit&#8221; column_padding_position=&#8221;all&#8221; background_color_opacity=&#8221;1&#8243; background_hover_color_opacity=&#8221;1&#8243; column_shadow=&#8221;none&#8221; column_border_radius=&#8221;none&#8221; column_link_target=&#8221;_self&#8221; gradient_direction=&#8221;left_to_right&#8221; overlay_strength=&#8221;0.3&#8243; width=&#8221;1\/1&#8243; tablet_width_inherit=&#8221;default&#8221; tablet_text_alignment=&#8221;default&#8221; phone_text_alignment=&#8221;default&#8221; column_border_width=&#8221;none&#8221; column_border_style=&#8221;solid&#8221; bg_image_animation=&#8221;none&#8221;][vc_column_text]El programa d&#8217;itineraris guiats gratu\u00efts es compon d&#8217;una vintena de recorreguts diferents en els quals es tracten diferents temes. Una de les tem\u00e0tiques principals \u00e9s la bot\u00e0nica i la jardineria del parc.<\/p>\n<p>Cada temporada busquem nous continguts per a oferir novetats adaptades als interessos de la gent que participa en el nostre programa. Per aix\u00f2, al maig d&#8217;enguany hem inaugurat un nou itinerari denominat El Roserar i altres racons florits del Retiro.<\/p>\n<p>En aquest recorregut visitem detalladament el Roserar del Retiro. En ell expliquem la hist\u00f2ria del cultiu de les roses, que es remunta a fa m\u00e9s de trenta segles i exposem com al llarg del temps s&#8217;han anat creuant diferents varietats silvestres per a obtenir varietats conreades amb els car\u00e0cters desitjats en cada \u00e8poca segons les modes i els gustos vigents, introduint nous colors i formes, modulant la seva temporada de floraci\u00f3 i millorant el valor ornamental d&#8217;aquests arbustos.<\/p>\n<p>Donat l&#8217;\u00e8xit d&#8217;aquesta activitat, convocarem aquesta activitat cada any el mes de maig, que \u00e9s quan es produeix la cridanera floraci\u00f3 dels rosers.<br \/>\n[\/vc_column_text][\/vc_column][\/vc_row][vc_row type=&#8221;in_container&#8221; full_screen_row_position=&#8221;middle&#8221; column_margin=&#8221;default&#8221; column_direction=&#8221;default&#8221; column_direction_tablet=&#8221;default&#8221; column_direction_phone=&#8221;default&#8221; scene_position=&#8221;center&#8221; text_color=&#8221;dark&#8221; text_align=&#8221;left&#8221; row_border_radius=&#8221;none&#8221; row_border_radius_applies=&#8221;bg&#8221; overlay_strength=&#8221;0.3&#8243; gradient_direction=&#8221;left_to_right&#8221; shape_divider_position=&#8221;bottom&#8221; bg_image_animation=&#8221;none&#8221;][vc_column column_padding=&#8221;no-extra-padding&#8221; column_padding_tablet=&#8221;inherit&#8221; column_padding_phone=&#8221;inherit&#8221; column_padding_position=&#8221;all&#8221; background_color_opacity=&#8221;1&#8243; background_hover_color_opacity=&#8221;1&#8243; column_shadow=&#8221;none&#8221; column_border_radius=&#8221;none&#8221; column_link_target=&#8221;_self&#8221; gradient_direction=&#8221;left_to_right&#8221; overlay_strength=&#8221;0.3&#8243; width=&#8221;1\/1&#8243; tablet_width_inherit=&#8221;default&#8221; tablet_text_alignment=&#8221;default&#8221; phone_text_alignment=&#8221;default&#8221; column_border_width=&#8221;none&#8221; column_border_style=&#8221;solid&#8221; bg_image_animation=&#8221;none&#8221;][vc_gallery type=&#8221;image_grid&#8221; images=&#8221;8056&#8243; layout=&#8221;4&#8243; item_spacing=&#8221;default&#8221; gallery_style=&#8221;7&#8243; load_in_animation=&#8221;none&#8221;][\/vc_column][\/vc_row]\n","protected":false},"excerpt":{"rendered":"<p>Dins del programa d&#8217;activitats del Centre d&#8217;Informaci\u00f3 i Educaci\u00f3 Ambiental L&#8217;Hort del Retiro oferim diversos itineraris per a donar a con\u00e8ixer els valors naturals, hist\u00f2rics, culturals i paisatg\u00edstics d&#8217;aquest emblem\u00e0tic parc que compta amb m\u00e9s de 400 anys d&#8217;hist\u00f2ria.<\/p>\n","protected":false},"author":2,"featured_media":8057,"comment_status":"closed","ping_status":"closed","sticky":false,"template":"","format":"standard","meta":{"_vp_format_video_url":"","_vp_image_focal_point":[],"footnotes":""},"categories":[60],"tags":[],"class_list":{"0":"post-8136","1":"post","2":"type-post","3":"status-publish","4":"format-standard","5":"has-post-thumbnail","7":"category-destacados-ca"},"yoast_head":"<!-- This site is optimized with the Yoast SEO plugin v27.5 - https:\/\/yoast.com\/product\/yoast-seo-wordpress\/ -->\n<title>Nou itinerari guiat pel roserar del Retiro. - Talher, expertos en servicios de sostenibilidad<\/title>\n<meta name=\"robots\" content=\"index, follow, max-snippet:-1, max-image-preview:large, max-video-preview:-1\" \/>\n<link rel=\"canonical\" href=\"https:\/\/www.talher.com\/ca\/nou-itinerari-guiat-pel-roserar-del-retiro\/\" \/>\n<meta property=\"og:locale\" content=\"ca_ES\" \/>\n<meta property=\"og:type\" content=\"article\" \/>\n<meta property=\"og:title\" content=\"Nou itinerari guiat pel roserar del Retiro. - Talher, expertos en servicios de sostenibilidad\" \/>\n<meta property=\"og:description\" content=\"Dins del programa d&#039;activitats del Centre d&#039;Informaci\u00f3 i Educaci\u00f3 Ambiental L&#039;Hort del Retiro oferim diversos itineraris per a donar a con\u00e8ixer els valors naturals, hist\u00f2rics, culturals i paisatg\u00edstics d&#039;aquest emblem\u00e0tic parc que compta amb m\u00e9s de 400 anys d&#039;hist\u00f2ria.\" \/>\n<meta property=\"og:url\" content=\"https:\/\/www.talher.com\/ca\/nou-itinerari-guiat-pel-roserar-del-retiro\/\" \/>\n<meta property=\"og:site_name\" content=\"Talher, expertos en servicios de sostenibilidad\" \/>\n<meta property=\"article:published_time\" content=\"2021-05-13T07:44:33+00:00\" \/>\n<meta property=\"article:modified_time\" content=\"2021-07-08T12:05:44+00:00\" \/>\n<meta property=\"og:image\" content=\"http:\/\/themenectar.com\/demo\/salient-blog\/wp-content\/uploads\/2013\/03\/bird1.jpg\" \/>\n<meta name=\"author\" content=\"Talher\" \/>\n<meta name=\"twitter:card\" content=\"summary_large_image\" \/>\n<meta name=\"twitter:creator\" content=\"@Talher_\" \/>\n<meta name=\"twitter:site\" content=\"@Talher_\" \/>\n<meta name=\"twitter:label1\" content=\"Escrit per\" \/>\n\t<meta name=\"twitter:data1\" content=\"Talher\" \/>\n\t<meta name=\"twitter:label2\" content=\"Temps estimat de lectura\" \/>\n\t<meta name=\"twitter:data2\" content=\"4 minuts\" \/>\n<script type=\"application\/ld+json\" class=\"yoast-schema-graph\">{\"@context\":\"https:\\\/\\\/schema.org\",\"@graph\":[{\"@type\":\"Article\",\"@id\":\"https:\\\/\\\/www.talher.com\\\/ca\\\/nou-itinerari-guiat-pel-roserar-del-retiro\\\/#article\",\"isPartOf\":{\"@id\":\"https:\\\/\\\/www.talher.com\\\/ca\\\/nou-itinerari-guiat-pel-roserar-del-retiro\\\/\"},\"author\":{\"name\":\"Talher\",\"@id\":\"https:\\\/\\\/www.talher.com\\\/#\\\/schema\\\/person\\\/0b62705f914672b6cba91c4461331b08\"},\"headline\":\"Nou itinerari guiat pel roserar del Retiro.\",\"datePublished\":\"2021-05-13T07:44:33+00:00\",\"dateModified\":\"2021-07-08T12:05:44+00:00\",\"mainEntityOfPage\":{\"@id\":\"https:\\\/\\\/www.talher.com\\\/ca\\\/nou-itinerari-guiat-pel-roserar-del-retiro\\\/\"},\"wordCount\":793,\"publisher\":{\"@id\":\"https:\\\/\\\/www.talher.com\\\/#organization\"},\"image\":{\"@id\":\"https:\\\/\\\/www.talher.com\\\/ca\\\/nou-itinerari-guiat-pel-roserar-del-retiro\\\/#primaryimage\"},\"thumbnailUrl\":\"https:\\\/\\\/www.talher.com\\\/wp-content\\\/uploads\\\/2021\\\/06\\\/03-destacado-RETIRO.jpg\",\"articleSection\":[\"Destacats\"],\"inLanguage\":\"ca\"},{\"@type\":\"WebPage\",\"@id\":\"https:\\\/\\\/www.talher.com\\\/ca\\\/nou-itinerari-guiat-pel-roserar-del-retiro\\\/\",\"url\":\"https:\\\/\\\/www.talher.com\\\/ca\\\/nou-itinerari-guiat-pel-roserar-del-retiro\\\/\",\"name\":\"Nou itinerari guiat pel roserar del Retiro. - Talher, expertos en servicios de sostenibilidad\",\"isPartOf\":{\"@id\":\"https:\\\/\\\/www.talher.com\\\/#website\"},\"primaryImageOfPage\":{\"@id\":\"https:\\\/\\\/www.talher.com\\\/ca\\\/nou-itinerari-guiat-pel-roserar-del-retiro\\\/#primaryimage\"},\"image\":{\"@id\":\"https:\\\/\\\/www.talher.com\\\/ca\\\/nou-itinerari-guiat-pel-roserar-del-retiro\\\/#primaryimage\"},\"thumbnailUrl\":\"https:\\\/\\\/www.talher.com\\\/wp-content\\\/uploads\\\/2021\\\/06\\\/03-destacado-RETIRO.jpg\",\"datePublished\":\"2021-05-13T07:44:33+00:00\",\"dateModified\":\"2021-07-08T12:05:44+00:00\",\"breadcrumb\":{\"@id\":\"https:\\\/\\\/www.talher.com\\\/ca\\\/nou-itinerari-guiat-pel-roserar-del-retiro\\\/#breadcrumb\"},\"inLanguage\":\"ca\",\"potentialAction\":[{\"@type\":\"ReadAction\",\"target\":[\"https:\\\/\\\/www.talher.com\\\/ca\\\/nou-itinerari-guiat-pel-roserar-del-retiro\\\/\"]}]},{\"@type\":\"ImageObject\",\"inLanguage\":\"ca\",\"@id\":\"https:\\\/\\\/www.talher.com\\\/ca\\\/nou-itinerari-guiat-pel-roserar-del-retiro\\\/#primaryimage\",\"url\":\"https:\\\/\\\/www.talher.com\\\/wp-content\\\/uploads\\\/2021\\\/06\\\/03-destacado-RETIRO.jpg\",\"contentUrl\":\"https:\\\/\\\/www.talher.com\\\/wp-content\\\/uploads\\\/2021\\\/06\\\/03-destacado-RETIRO.jpg\",\"width\":1297,\"height\":970},{\"@type\":\"BreadcrumbList\",\"@id\":\"https:\\\/\\\/www.talher.com\\\/ca\\\/nou-itinerari-guiat-pel-roserar-del-retiro\\\/#breadcrumb\",\"itemListElement\":[{\"@type\":\"ListItem\",\"position\":1,\"name\":\"Portada\",\"item\":\"https:\\\/\\\/www.talher.com\\\/ca\\\/\"},{\"@type\":\"ListItem\",\"position\":2,\"name\":\"Nou itinerari guiat pel roserar del Retiro.\"}]},{\"@type\":\"WebSite\",\"@id\":\"https:\\\/\\\/www.talher.com\\\/#website\",\"url\":\"https:\\\/\\\/www.talher.com\\\/\",\"name\":\"Talher, empresa de servicios de sostenibilidad, jardiner\u00eda, forestal y educaci\u00f3n ambiental\",\"description\":\"Sostenibilidad, jardiner\u00eda, forestal, RSU y limpieza viaria\",\"publisher\":{\"@id\":\"https:\\\/\\\/www.talher.com\\\/#organization\"},\"potentialAction\":[{\"@type\":\"SearchAction\",\"target\":{\"@type\":\"EntryPoint\",\"urlTemplate\":\"https:\\\/\\\/www.talher.com\\\/?s={search_term_string}\"},\"query-input\":{\"@type\":\"PropertyValueSpecification\",\"valueRequired\":true,\"valueName\":\"search_term_string\"}}],\"inLanguage\":\"ca\"},{\"@type\":\"Organization\",\"@id\":\"https:\\\/\\\/www.talher.com\\\/#organization\",\"name\":\"Talher, empresa de servicios de sostenibilidad, jardiner\u00eda, forestal y educaci\u00f3n ambiental\",\"url\":\"https:\\\/\\\/www.talher.com\\\/\",\"logo\":{\"@type\":\"ImageObject\",\"inLanguage\":\"ca\",\"@id\":\"https:\\\/\\\/www.talher.com\\\/#\\\/schema\\\/logo\\\/image\\\/\",\"url\":\"https:\\\/\\\/www.talher.com\\\/wp-content\\\/uploads\\\/2023\\\/07\\\/Logo-Talher-big.jpg\",\"contentUrl\":\"https:\\\/\\\/www.talher.com\\\/wp-content\\\/uploads\\\/2023\\\/07\\\/Logo-Talher-big.jpg\",\"width\":1400,\"height\":1400,\"caption\":\"Talher, empresa de servicios de sostenibilidad, jardiner\u00eda, forestal y educaci\u00f3n ambiental\"},\"image\":{\"@id\":\"https:\\\/\\\/www.talher.com\\\/#\\\/schema\\\/logo\\\/image\\\/\"},\"sameAs\":[\"https:\\\/\\\/x.com\\\/Talher_\",\"https:\\\/\\\/www.linkedin.com\\\/company\\\/talher-s-a-\\\/\"]},{\"@type\":\"Person\",\"@id\":\"https:\\\/\\\/www.talher.com\\\/#\\\/schema\\\/person\\\/0b62705f914672b6cba91c4461331b08\",\"name\":\"Talher\",\"image\":{\"@type\":\"ImageObject\",\"inLanguage\":\"ca\",\"@id\":\"https:\\\/\\\/secure.gravatar.com\\\/avatar\\\/6f174a7c438904d119ff80d9120fed2c0b6fbe9b4397057acb285d04543b4791?s=96&d=mm&r=g\",\"url\":\"https:\\\/\\\/secure.gravatar.com\\\/avatar\\\/6f174a7c438904d119ff80d9120fed2c0b6fbe9b4397057acb285d04543b4791?s=96&d=mm&r=g\",\"contentUrl\":\"https:\\\/\\\/secure.gravatar.com\\\/avatar\\\/6f174a7c438904d119ff80d9120fed2c0b6fbe9b4397057acb285d04543b4791?s=96&d=mm&r=g\",\"caption\":\"Talher\"},\"sameAs\":[\"https:\\\/\\\/www.talher.com\\\/\"]}]}<\/script>\n<!-- \/ Yoast SEO plugin. -->","yoast_head_json":{"title":"Nou itinerari guiat pel roserar del Retiro. - Talher, expertos en servicios de sostenibilidad","robots":{"index":"index","follow":"follow","max-snippet":"max-snippet:-1","max-image-preview":"max-image-preview:large","max-video-preview":"max-video-preview:-1"},"canonical":"https:\/\/www.talher.com\/ca\/nou-itinerari-guiat-pel-roserar-del-retiro\/","og_locale":"ca_ES","og_type":"article","og_title":"Nou itinerari guiat pel roserar del Retiro. - Talher, expertos en servicios de sostenibilidad","og_description":"Dins del programa d'activitats del Centre d'Informaci\u00f3 i Educaci\u00f3 Ambiental L'Hort del Retiro oferim diversos itineraris per a donar a con\u00e8ixer els valors naturals, hist\u00f2rics, culturals i paisatg\u00edstics d'aquest emblem\u00e0tic parc que compta amb m\u00e9s de 400 anys d'hist\u00f2ria.","og_url":"https:\/\/www.talher.com\/ca\/nou-itinerari-guiat-pel-roserar-del-retiro\/","og_site_name":"Talher, expertos en servicios de sostenibilidad","article_published_time":"2021-05-13T07:44:33+00:00","article_modified_time":"2021-07-08T12:05:44+00:00","og_image":[{"url":"http:\/\/themenectar.com\/demo\/salient-blog\/wp-content\/uploads\/2013\/03\/bird1.jpg","type":"","width":"","height":""}],"author":"Talher","twitter_card":"summary_large_image","twitter_creator":"@Talher_","twitter_site":"@Talher_","twitter_misc":{"Escrit per":"Talher","Temps estimat de lectura":"4 minuts"},"schema":{"@context":"https:\/\/schema.org","@graph":[{"@type":"Article","@id":"https:\/\/www.talher.com\/ca\/nou-itinerari-guiat-pel-roserar-del-retiro\/#article","isPartOf":{"@id":"https:\/\/www.talher.com\/ca\/nou-itinerari-guiat-pel-roserar-del-retiro\/"},"author":{"name":"Talher","@id":"https:\/\/www.talher.com\/#\/schema\/person\/0b62705f914672b6cba91c4461331b08"},"headline":"Nou itinerari guiat pel roserar del Retiro.","datePublished":"2021-05-13T07:44:33+00:00","dateModified":"2021-07-08T12:05:44+00:00","mainEntityOfPage":{"@id":"https:\/\/www.talher.com\/ca\/nou-itinerari-guiat-pel-roserar-del-retiro\/"},"wordCount":793,"publisher":{"@id":"https:\/\/www.talher.com\/#organization"},"image":{"@id":"https:\/\/www.talher.com\/ca\/nou-itinerari-guiat-pel-roserar-del-retiro\/#primaryimage"},"thumbnailUrl":"https:\/\/www.talher.com\/wp-content\/uploads\/2021\/06\/03-destacado-RETIRO.jpg","articleSection":["Destacats"],"inLanguage":"ca"},{"@type":"WebPage","@id":"https:\/\/www.talher.com\/ca\/nou-itinerari-guiat-pel-roserar-del-retiro\/","url":"https:\/\/www.talher.com\/ca\/nou-itinerari-guiat-pel-roserar-del-retiro\/","name":"Nou itinerari guiat pel roserar del Retiro. - Talher, expertos en servicios de sostenibilidad","isPartOf":{"@id":"https:\/\/www.talher.com\/#website"},"primaryImageOfPage":{"@id":"https:\/\/www.talher.com\/ca\/nou-itinerari-guiat-pel-roserar-del-retiro\/#primaryimage"},"image":{"@id":"https:\/\/www.talher.com\/ca\/nou-itinerari-guiat-pel-roserar-del-retiro\/#primaryimage"},"thumbnailUrl":"https:\/\/www.talher.com\/wp-content\/uploads\/2021\/06\/03-destacado-RETIRO.jpg","datePublished":"2021-05-13T07:44:33+00:00","dateModified":"2021-07-08T12:05:44+00:00","breadcrumb":{"@id":"https:\/\/www.talher.com\/ca\/nou-itinerari-guiat-pel-roserar-del-retiro\/#breadcrumb"},"inLanguage":"ca","potentialAction":[{"@type":"ReadAction","target":["https:\/\/www.talher.com\/ca\/nou-itinerari-guiat-pel-roserar-del-retiro\/"]}]},{"@type":"ImageObject","inLanguage":"ca","@id":"https:\/\/www.talher.com\/ca\/nou-itinerari-guiat-pel-roserar-del-retiro\/#primaryimage","url":"https:\/\/www.talher.com\/wp-content\/uploads\/2021\/06\/03-destacado-RETIRO.jpg","contentUrl":"https:\/\/www.talher.com\/wp-content\/uploads\/2021\/06\/03-destacado-RETIRO.jpg","width":1297,"height":970},{"@type":"BreadcrumbList","@id":"https:\/\/www.talher.com\/ca\/nou-itinerari-guiat-pel-roserar-del-retiro\/#breadcrumb","itemListElement":[{"@type":"ListItem","position":1,"name":"Portada","item":"https:\/\/www.talher.com\/ca\/"},{"@type":"ListItem","position":2,"name":"Nou itinerari guiat pel roserar del Retiro."}]},{"@type":"WebSite","@id":"https:\/\/www.talher.com\/#website","url":"https:\/\/www.talher.com\/","name":"Talher, empresa de servicios de sostenibilidad, jardiner\u00eda, forestal y educaci\u00f3n ambiental","description":"Sostenibilidad, jardiner\u00eda, forestal, RSU y limpieza viaria","publisher":{"@id":"https:\/\/www.talher.com\/#organization"},"potentialAction":[{"@type":"SearchAction","target":{"@type":"EntryPoint","urlTemplate":"https:\/\/www.talher.com\/?s={search_term_string}"},"query-input":{"@type":"PropertyValueSpecification","valueRequired":true,"valueName":"search_term_string"}}],"inLanguage":"ca"},{"@type":"Organization","@id":"https:\/\/www.talher.com\/#organization","name":"Talher, empresa de servicios de sostenibilidad, jardiner\u00eda, forestal y educaci\u00f3n ambiental","url":"https:\/\/www.talher.com\/","logo":{"@type":"ImageObject","inLanguage":"ca","@id":"https:\/\/www.talher.com\/#\/schema\/logo\/image\/","url":"https:\/\/www.talher.com\/wp-content\/uploads\/2023\/07\/Logo-Talher-big.jpg","contentUrl":"https:\/\/www.talher.com\/wp-content\/uploads\/2023\/07\/Logo-Talher-big.jpg","width":1400,"height":1400,"caption":"Talher, empresa de servicios de sostenibilidad, jardiner\u00eda, forestal y educaci\u00f3n ambiental"},"image":{"@id":"https:\/\/www.talher.com\/#\/schema\/logo\/image\/"},"sameAs":["https:\/\/x.com\/Talher_","https:\/\/www.linkedin.com\/company\/talher-s-a-\/"]},{"@type":"Person","@id":"https:\/\/www.talher.com\/#\/schema\/person\/0b62705f914672b6cba91c4461331b08","name":"Talher","image":{"@type":"ImageObject","inLanguage":"ca","@id":"https:\/\/secure.gravatar.com\/avatar\/6f174a7c438904d119ff80d9120fed2c0b6fbe9b4397057acb285d04543b4791?s=96&d=mm&r=g","url":"https:\/\/secure.gravatar.com\/avatar\/6f174a7c438904d119ff80d9120fed2c0b6fbe9b4397057acb285d04543b4791?s=96&d=mm&r=g","contentUrl":"https:\/\/secure.gravatar.com\/avatar\/6f174a7c438904d119ff80d9120fed2c0b6fbe9b4397057acb285d04543b4791?s=96&d=mm&r=g","caption":"Talher"},"sameAs":["https:\/\/www.talher.com\/"]}]}},"_links":{"self":[{"href":"https:\/\/www.talher.com\/ca\/wp-json\/wp\/v2\/posts\/8136","targetHints":{"allow":["GET"]}}],"collection":[{"href":"https:\/\/www.talher.com\/ca\/wp-json\/wp\/v2\/posts"}],"about":[{"href":"https:\/\/www.talher.com\/ca\/wp-json\/wp\/v2\/types\/post"}],"author":[{"embeddable":true,"href":"https:\/\/www.talher.com\/ca\/wp-json\/wp\/v2\/users\/2"}],"replies":[{"embeddable":true,"href":"https:\/\/www.talher.com\/ca\/wp-json\/wp\/v2\/comments?post=8136"}],"version-history":[{"count":4,"href":"https:\/\/www.talher.com\/ca\/wp-json\/wp\/v2\/posts\/8136\/revisions"}],"predecessor-version":[{"id":8441,"href":"https:\/\/www.talher.com\/ca\/wp-json\/wp\/v2\/posts\/8136\/revisions\/8441"}],"wp:featuredmedia":[{"embeddable":true,"href":"https:\/\/www.talher.com\/ca\/wp-json\/wp\/v2\/media\/8057"}],"wp:attachment":[{"href":"https:\/\/www.talher.com\/ca\/wp-json\/wp\/v2\/media?parent=8136"}],"wp:term":[{"taxonomy":"category","embeddable":true,"href":"https:\/\/www.talher.com\/ca\/wp-json\/wp\/v2\/categories?post=8136"},{"taxonomy":"post_tag","embeddable":true,"href":"https:\/\/www.talher.com\/ca\/wp-json\/wp\/v2\/tags?post=8136"}],"curies":[{"name":"wp","href":"https:\/\/api.w.org\/{rel}","templated":true}]}}