{"id":8936,"date":"2025-01-03T13:21:40","date_gmt":"2025-01-03T12:21:40","guid":{"rendered":"https:\/\/www.talher.com\/?p=8936"},"modified":"2025-01-10T18:00:29","modified_gmt":"2025-01-10T17:00:29","slug":"video-presentacio-proteccyl-cim-bse-pla-promocio-autoproteccio-castilla-y-leon","status":"publish","type":"post","link":"https:\/\/www.talher.com\/ca\/video-presentacio-proteccyl-cim-bse-pla-promocio-autoproteccio-castilla-y-leon\/","title":{"rendered":"V\u00eddeo-presentaci\u00f3 de ProtecCyL\/CIM-BSE. Pla de promoci\u00f3 de l&#8217;autoprotecci\u00f3 de Castilla y Le\u00f3n"},"content":{"rendered":"<p>Des de Talher, participem en el <strong>Pla de promoci\u00f3 de l&#8217;Autoprotecci\u00f3 de Castella i Lle\u00f3<\/strong>, a trav\u00e9s de <strong>ProtecCyL\/CIM-BSE<\/strong>. Es tracta d\u2019una iniciativa que vol conscienciar la ciutadania, l\u2019empresariat i els organismes p\u00fablics sobre els riscos antr\u00f2pics, les cat\u00e0strofes naturals i els perills tecnol\u00f2gics, aix\u00ed com sobre les mesures d\u2019autoprotecci\u00f3 que cal adoptar preventivament.<\/p>\n<p>En aquest projecte de gran transcend\u00e8ncia, que es dur\u00e0 a terme durant el per\u00edode 2025-2026, col\u00b7laborem com a <strong>UTE Horizonte 27<\/strong>, amb les empreses <strong>Talher i Oficina T\u00e8cnica de Montes<\/strong>.<\/p>\n<p>El programa <a href=\"https:\/\/www.youtube.com\/@protecCyl_CIM_BSE\" target=\"_blank\" rel=\"noopener\"><strong>ProtecCyL\/CIM-BSE<\/strong><\/a> est\u00e0 impulsat per la Conselleria de Medi Ambient, Habitatge i Ordenaci\u00f3 del Territori de la Junta de Castella i Lle\u00f3, a trav\u00e9s de l\u2019Ag\u00e8ncia de Protecci\u00f3 Civil i Emerg\u00e8ncies, en el desenvolupament del Pla de promoci\u00f3 de l\u2019Autoprotecci\u00f3 de Castella i Lle\u00f3 (acord 127\/2021, de 25 de novembre), i en col\u00b7laboraci\u00f3 amb la Comunidade Intermunicipal das Beiras e Serra da Estrela de Portugal.<\/p>\n<p>El dia 16 de desembre de 2024, a les 11:00 h, s\u2019emetr\u00e0 en streaming la <strong>presentaci\u00f3 d\u2019aquest projecte, des de la Fira de Mostres de Valladolid<\/strong>. L\u2019emissi\u00f3 es podr\u00e0 seguir en aquest v\u00eddeo.<\/p>\n<p><iframe title=\"Presentaci\u00f3n ProtecCyL\/CIM-BSE, Plan de promoci\u00f3n de la Autoprotecci\u00f3n de Castilla y Le\u00f3n\" data-cookieconsent=\"marketing\" data-src=\"https:\/\/www.youtube.com\/embed\/kX0wzy8Gv-w\" width=\"1200\" height=\"674\" frameborder=\"0\" allowfullscreen=\"allowfullscreen\"><\/iframe><\/p>\n<p>&nbsp;<\/p>\n<p>El projecte compta amb un <strong>cami\u00f3 equipat amb aula did\u00e0ctica<\/strong>, que recorrer\u00e0 desenes de localitats situades a Castella i Lle\u00f3, aix\u00ed com la franja adjacent de Portugal. Les sessions de <strong>sensibilitzaci\u00f3 i educaci\u00f3 sobre protecci\u00f3 civil<\/strong> estaran orientades a diferents p\u00fablics, en funci\u00f3 de les tem\u00e0tiques en qu\u00e8 sigui rellevant enfortir la prevenci\u00f3.<\/p>\n<p>Aix\u00ed, es duran a terme accions per a titulars o organitzacions d\u2019espectacles p\u00fablics, activitats recreatives o esportives, titulars d\u2019<strong>activitats susceptibles de causar danys a tercers<\/strong>, aix\u00ed com titulars d\u2019establiments, instal\u00b7lacions i depend\u00e8ncies que puguin veure\u2019s afectades per activitats de risc alienes a la seva pr\u00f2pia activitat.<\/p>\n<p>Tamb\u00e9 es duran a terme accions espec\u00edfiques per facilitar la informaci\u00f3 necess\u00e0ria a les administracions locals, l\u2019administraci\u00f3 auton\u00f2mica i altres organismes intervinents en el <strong>sistema de protecci\u00f3 civil.<\/strong><\/p>\n<p>&nbsp;<\/p>\n<p><img loading=\"lazy\" decoding=\"async\" class=\"wp-image-8924 size-full aligncenter\" src=\"https:\/\/www.talher.com\/wp-content\/uploads\/2024\/12\/Camion-con-aula-didactica-ProtecCyL-CIM-BSE-Proyecto-dentro-del-Plan-de-Promocion-de-la-Autoproteccion-en-Castilla-Leon.jpg\" alt=\"Cami\u00f3n con aula did\u00e1ctica ProtecCyL CIM-BSE Proyecto dentro del Plan de Promoci\u00f3n de la Autoprotecci\u00f3n en Castilla Le\u00f3n\" width=\"1040\" height=\"720\" srcset=\"https:\/\/www.talher.com\/wp-content\/uploads\/2024\/12\/Camion-con-aula-didactica-ProtecCyL-CIM-BSE-Proyecto-dentro-del-Plan-de-Promocion-de-la-Autoproteccion-en-Castilla-Leon.jpg 1040w, https:\/\/www.talher.com\/wp-content\/uploads\/2024\/12\/Camion-con-aula-didactica-ProtecCyL-CIM-BSE-Proyecto-dentro-del-Plan-de-Promocion-de-la-Autoproteccion-en-Castilla-Leon-300x208.jpg 300w, https:\/\/www.talher.com\/wp-content\/uploads\/2024\/12\/Camion-con-aula-didactica-ProtecCyL-CIM-BSE-Proyecto-dentro-del-Plan-de-Promocion-de-la-Autoproteccion-en-Castilla-Leon-1024x709.jpg 1024w, https:\/\/www.talher.com\/wp-content\/uploads\/2024\/12\/Camion-con-aula-didactica-ProtecCyL-CIM-BSE-Proyecto-dentro-del-Plan-de-Promocion-de-la-Autoproteccion-en-Castilla-Leon-768x532.jpg 768w, https:\/\/www.talher.com\/wp-content\/uploads\/2024\/12\/Camion-con-aula-didactica-ProtecCyL-CIM-BSE-Proyecto-dentro-del-Plan-de-Promocion-de-la-Autoproteccion-en-Castilla-Leon-500x346.jpg 500w, https:\/\/www.talher.com\/wp-content\/uploads\/2024\/12\/Camion-con-aula-didactica-ProtecCyL-CIM-BSE-Proyecto-dentro-del-Plan-de-Promocion-de-la-Autoproteccion-en-Castilla-Leon-800x554.jpg 800w\" sizes=\"auto, (max-width: 1040px) 100vw, 1040px\" \/><\/p>\n","protected":false},"excerpt":{"rendered":"<p>Talher participa al projecte ProtecCyL\/CIM-BSE, dins del pla de promoci\u00f3 de l&#8217;autoprotecci\u00f3 de Castilla y Le\u00f3n.<\/p>\n","protected":false},"author":2,"featured_media":8919,"comment_status":"closed","ping_status":"closed","sticky":false,"template":"","format":"standard","meta":{"_vp_format_video_url":"","_vp_image_focal_point":[],"footnotes":""},"categories":[60],"tags":[],"class_list":{"0":"post-8936","1":"post","2":"type-post","3":"status-publish","4":"format-standard","5":"has-post-thumbnail","7":"category-destacados-ca"},"yoast_head":"<!-- This site is optimized with the Yoast SEO plugin v27.4 - https:\/\/yoast.com\/product\/yoast-seo-wordpress\/ -->\n<title>V\u00eddeo-presentaci\u00f3 de ProtecCyL\/CIM-BSE. Pla de promoci\u00f3 de l&#039;autoprotecci\u00f3 de Castilla y Le\u00f3n - Talher, expertos en servicios de sostenibilidad<\/title>\n<meta name=\"description\" content=\"Talher participa al projecte ProtecCyL\/CIM-BSE, dins del pla de promoci\u00f3 de l&#039;autoprotecci\u00f3 de Castilla y Le\u00f3n.\" \/>\n<meta name=\"robots\" content=\"index, follow, max-snippet:-1, max-image-preview:large, max-video-preview:-1\" \/>\n<link rel=\"canonical\" href=\"https:\/\/www.talher.com\/ca\/video-presentacio-proteccyl-cim-bse-pla-promocio-autoproteccio-castilla-y-leon\/\" \/>\n<meta property=\"og:locale\" content=\"ca_ES\" \/>\n<meta property=\"og:type\" content=\"article\" \/>\n<meta property=\"og:title\" content=\"V\u00eddeo-presentaci\u00f3 de ProtecCyL\/CIM-BSE. Pla de promoci\u00f3 de l&#039;autoprotecci\u00f3 de Castilla y Le\u00f3n - Talher, expertos en servicios de sostenibilidad\" \/>\n<meta property=\"og:description\" content=\"Talher participa al projecte ProtecCyL\/CIM-BSE, dins del pla de promoci\u00f3 de l&#039;autoprotecci\u00f3 de Castilla y Le\u00f3n.\" \/>\n<meta property=\"og:url\" content=\"https:\/\/www.talher.com\/ca\/video-presentacio-proteccyl-cim-bse-pla-promocio-autoproteccio-castilla-y-leon\/\" \/>\n<meta property=\"og:site_name\" content=\"Talher, expertos en servicios de sostenibilidad\" \/>\n<meta property=\"article:published_time\" content=\"2025-01-03T12:21:40+00:00\" \/>\n<meta property=\"article:modified_time\" content=\"2025-01-10T17:00:29+00:00\" \/>\n<meta property=\"og:image\" content=\"https:\/\/www.talher.com\/wp-content\/uploads\/2024\/12\/Aula-didactica-ProtecCyL-CIM-BSE-Proyecto-dentro-del-Plan-de-Promocion-de-la-Autoproteccion-en-Castilla-La-Mancha.jpg\" \/>\n\t<meta property=\"og:image:width\" content=\"1040\" \/>\n\t<meta property=\"og:image:height\" content=\"720\" \/>\n\t<meta property=\"og:image:type\" content=\"image\/jpeg\" \/>\n<meta name=\"author\" content=\"Talher\" \/>\n<meta name=\"twitter:card\" content=\"summary_large_image\" \/>\n<meta name=\"twitter:creator\" content=\"@Talher_\" \/>\n<meta name=\"twitter:site\" content=\"@Talher_\" \/>\n<meta name=\"twitter:label1\" content=\"Escrit per\" \/>\n\t<meta name=\"twitter:data1\" content=\"Talher\" \/>\n\t<meta name=\"twitter:label2\" content=\"Temps estimat de lectura\" \/>\n\t<meta name=\"twitter:data2\" content=\"2 minuts\" \/>\n<script type=\"application\/ld+json\" class=\"yoast-schema-graph\">{\"@context\":\"https:\\\/\\\/schema.org\",\"@graph\":[{\"@type\":\"Article\",\"@id\":\"https:\\\/\\\/www.talher.com\\\/ca\\\/video-presentacio-proteccyl-cim-bse-pla-promocio-autoproteccio-castilla-y-leon\\\/#article\",\"isPartOf\":{\"@id\":\"https:\\\/\\\/www.talher.com\\\/ca\\\/video-presentacio-proteccyl-cim-bse-pla-promocio-autoproteccio-castilla-y-leon\\\/\"},\"author\":{\"name\":\"Talher\",\"@id\":\"https:\\\/\\\/www.talher.com\\\/#\\\/schema\\\/person\\\/0b62705f914672b6cba91c4461331b08\"},\"headline\":\"V\u00eddeo-presentaci\u00f3 de ProtecCyL\\\/CIM-BSE. Pla de promoci\u00f3 de l&#8217;autoprotecci\u00f3 de Castilla y Le\u00f3n\",\"datePublished\":\"2025-01-03T12:21:40+00:00\",\"dateModified\":\"2025-01-10T17:00:29+00:00\",\"mainEntityOfPage\":{\"@id\":\"https:\\\/\\\/www.talher.com\\\/ca\\\/video-presentacio-proteccyl-cim-bse-pla-promocio-autoproteccio-castilla-y-leon\\\/\"},\"wordCount\":362,\"publisher\":{\"@id\":\"https:\\\/\\\/www.talher.com\\\/#organization\"},\"image\":{\"@id\":\"https:\\\/\\\/www.talher.com\\\/ca\\\/video-presentacio-proteccyl-cim-bse-pla-promocio-autoproteccio-castilla-y-leon\\\/#primaryimage\"},\"thumbnailUrl\":\"https:\\\/\\\/www.talher.com\\\/wp-content\\\/uploads\\\/2024\\\/12\\\/Aula-didactica-ProtecCyL-CIM-BSE-Proyecto-dentro-del-Plan-de-Promocion-de-la-Autoproteccion-en-Castilla-La-Mancha.jpg\",\"articleSection\":[\"Destacats\"],\"inLanguage\":\"ca\"},{\"@type\":\"WebPage\",\"@id\":\"https:\\\/\\\/www.talher.com\\\/ca\\\/video-presentacio-proteccyl-cim-bse-pla-promocio-autoproteccio-castilla-y-leon\\\/\",\"url\":\"https:\\\/\\\/www.talher.com\\\/ca\\\/video-presentacio-proteccyl-cim-bse-pla-promocio-autoproteccio-castilla-y-leon\\\/\",\"name\":\"V\u00eddeo-presentaci\u00f3 de ProtecCyL\\\/CIM-BSE. Pla de promoci\u00f3 de l'autoprotecci\u00f3 de Castilla y Le\u00f3n - Talher, expertos en servicios de sostenibilidad\",\"isPartOf\":{\"@id\":\"https:\\\/\\\/www.talher.com\\\/#website\"},\"primaryImageOfPage\":{\"@id\":\"https:\\\/\\\/www.talher.com\\\/ca\\\/video-presentacio-proteccyl-cim-bse-pla-promocio-autoproteccio-castilla-y-leon\\\/#primaryimage\"},\"image\":{\"@id\":\"https:\\\/\\\/www.talher.com\\\/ca\\\/video-presentacio-proteccyl-cim-bse-pla-promocio-autoproteccio-castilla-y-leon\\\/#primaryimage\"},\"thumbnailUrl\":\"https:\\\/\\\/www.talher.com\\\/wp-content\\\/uploads\\\/2024\\\/12\\\/Aula-didactica-ProtecCyL-CIM-BSE-Proyecto-dentro-del-Plan-de-Promocion-de-la-Autoproteccion-en-Castilla-La-Mancha.jpg\",\"datePublished\":\"2025-01-03T12:21:40+00:00\",\"dateModified\":\"2025-01-10T17:00:29+00:00\",\"description\":\"Talher participa al projecte ProtecCyL\\\/CIM-BSE, dins del pla de promoci\u00f3 de l'autoprotecci\u00f3 de Castilla y Le\u00f3n.\",\"breadcrumb\":{\"@id\":\"https:\\\/\\\/www.talher.com\\\/ca\\\/video-presentacio-proteccyl-cim-bse-pla-promocio-autoproteccio-castilla-y-leon\\\/#breadcrumb\"},\"inLanguage\":\"ca\",\"potentialAction\":[{\"@type\":\"ReadAction\",\"target\":[\"https:\\\/\\\/www.talher.com\\\/ca\\\/video-presentacio-proteccyl-cim-bse-pla-promocio-autoproteccio-castilla-y-leon\\\/\"]}]},{\"@type\":\"ImageObject\",\"inLanguage\":\"ca\",\"@id\":\"https:\\\/\\\/www.talher.com\\\/ca\\\/video-presentacio-proteccyl-cim-bse-pla-promocio-autoproteccio-castilla-y-leon\\\/#primaryimage\",\"url\":\"https:\\\/\\\/www.talher.com\\\/wp-content\\\/uploads\\\/2024\\\/12\\\/Aula-didactica-ProtecCyL-CIM-BSE-Proyecto-dentro-del-Plan-de-Promocion-de-la-Autoproteccion-en-Castilla-La-Mancha.jpg\",\"contentUrl\":\"https:\\\/\\\/www.talher.com\\\/wp-content\\\/uploads\\\/2024\\\/12\\\/Aula-didactica-ProtecCyL-CIM-BSE-Proyecto-dentro-del-Plan-de-Promocion-de-la-Autoproteccion-en-Castilla-La-Mancha.jpg\",\"width\":1040,\"height\":720,\"caption\":\"Aula did\u00e1ctica ProtecCyL CIM-BSE Proyecto dentro del Plan de Promoci\u00f3n de la Autoprotecci\u00f3n en Castilla La Mancha\"},{\"@type\":\"BreadcrumbList\",\"@id\":\"https:\\\/\\\/www.talher.com\\\/ca\\\/video-presentacio-proteccyl-cim-bse-pla-promocio-autoproteccio-castilla-y-leon\\\/#breadcrumb\",\"itemListElement\":[{\"@type\":\"ListItem\",\"position\":1,\"name\":\"Portada\",\"item\":\"https:\\\/\\\/www.talher.com\\\/ca\\\/\"},{\"@type\":\"ListItem\",\"position\":2,\"name\":\"V\u00eddeo-presentaci\u00f3 de ProtecCyL\\\/CIM-BSE. Pla de promoci\u00f3 de l&#8217;autoprotecci\u00f3 de Castilla y Le\u00f3n\"}]},{\"@type\":\"WebSite\",\"@id\":\"https:\\\/\\\/www.talher.com\\\/#website\",\"url\":\"https:\\\/\\\/www.talher.com\\\/\",\"name\":\"Talher, empresa de servicios de sostenibilidad, jardiner\u00eda, forestal y educaci\u00f3n ambiental\",\"description\":\"Sostenibilidad, jardiner\u00eda, forestal, RSU y limpieza viaria\",\"publisher\":{\"@id\":\"https:\\\/\\\/www.talher.com\\\/#organization\"},\"potentialAction\":[{\"@type\":\"SearchAction\",\"target\":{\"@type\":\"EntryPoint\",\"urlTemplate\":\"https:\\\/\\\/www.talher.com\\\/?s={search_term_string}\"},\"query-input\":{\"@type\":\"PropertyValueSpecification\",\"valueRequired\":true,\"valueName\":\"search_term_string\"}}],\"inLanguage\":\"ca\"},{\"@type\":\"Organization\",\"@id\":\"https:\\\/\\\/www.talher.com\\\/#organization\",\"name\":\"Talher, empresa de servicios de sostenibilidad, jardiner\u00eda, forestal y educaci\u00f3n ambiental\",\"url\":\"https:\\\/\\\/www.talher.com\\\/\",\"logo\":{\"@type\":\"ImageObject\",\"inLanguage\":\"ca\",\"@id\":\"https:\\\/\\\/www.talher.com\\\/#\\\/schema\\\/logo\\\/image\\\/\",\"url\":\"https:\\\/\\\/www.talher.com\\\/wp-content\\\/uploads\\\/2023\\\/07\\\/Logo-Talher-big.jpg\",\"contentUrl\":\"https:\\\/\\\/www.talher.com\\\/wp-content\\\/uploads\\\/2023\\\/07\\\/Logo-Talher-big.jpg\",\"width\":1400,\"height\":1400,\"caption\":\"Talher, empresa de servicios de sostenibilidad, jardiner\u00eda, forestal y educaci\u00f3n ambiental\"},\"image\":{\"@id\":\"https:\\\/\\\/www.talher.com\\\/#\\\/schema\\\/logo\\\/image\\\/\"},\"sameAs\":[\"https:\\\/\\\/x.com\\\/Talher_\",\"https:\\\/\\\/www.linkedin.com\\\/company\\\/talher-s-a-\\\/\"]},{\"@type\":\"Person\",\"@id\":\"https:\\\/\\\/www.talher.com\\\/#\\\/schema\\\/person\\\/0b62705f914672b6cba91c4461331b08\",\"name\":\"Talher\",\"image\":{\"@type\":\"ImageObject\",\"inLanguage\":\"ca\",\"@id\":\"https:\\\/\\\/secure.gravatar.com\\\/avatar\\\/6f174a7c438904d119ff80d9120fed2c0b6fbe9b4397057acb285d04543b4791?s=96&d=mm&r=g\",\"url\":\"https:\\\/\\\/secure.gravatar.com\\\/avatar\\\/6f174a7c438904d119ff80d9120fed2c0b6fbe9b4397057acb285d04543b4791?s=96&d=mm&r=g\",\"contentUrl\":\"https:\\\/\\\/secure.gravatar.com\\\/avatar\\\/6f174a7c438904d119ff80d9120fed2c0b6fbe9b4397057acb285d04543b4791?s=96&d=mm&r=g\",\"caption\":\"Talher\"},\"sameAs\":[\"https:\\\/\\\/www.talher.com\\\/\"]}]}<\/script>\n<!-- \/ Yoast SEO plugin. -->","yoast_head_json":{"title":"V\u00eddeo-presentaci\u00f3 de ProtecCyL\/CIM-BSE. Pla de promoci\u00f3 de l'autoprotecci\u00f3 de Castilla y Le\u00f3n - Talher, expertos en servicios de sostenibilidad","description":"Talher participa al projecte ProtecCyL\/CIM-BSE, dins del pla de promoci\u00f3 de l'autoprotecci\u00f3 de Castilla y Le\u00f3n.","robots":{"index":"index","follow":"follow","max-snippet":"max-snippet:-1","max-image-preview":"max-image-preview:large","max-video-preview":"max-video-preview:-1"},"canonical":"https:\/\/www.talher.com\/ca\/video-presentacio-proteccyl-cim-bse-pla-promocio-autoproteccio-castilla-y-leon\/","og_locale":"ca_ES","og_type":"article","og_title":"V\u00eddeo-presentaci\u00f3 de ProtecCyL\/CIM-BSE. Pla de promoci\u00f3 de l'autoprotecci\u00f3 de Castilla y Le\u00f3n - Talher, expertos en servicios de sostenibilidad","og_description":"Talher participa al projecte ProtecCyL\/CIM-BSE, dins del pla de promoci\u00f3 de l'autoprotecci\u00f3 de Castilla y Le\u00f3n.","og_url":"https:\/\/www.talher.com\/ca\/video-presentacio-proteccyl-cim-bse-pla-promocio-autoproteccio-castilla-y-leon\/","og_site_name":"Talher, expertos en servicios de sostenibilidad","article_published_time":"2025-01-03T12:21:40+00:00","article_modified_time":"2025-01-10T17:00:29+00:00","og_image":[{"width":1040,"height":720,"url":"https:\/\/www.talher.com\/wp-content\/uploads\/2024\/12\/Aula-didactica-ProtecCyL-CIM-BSE-Proyecto-dentro-del-Plan-de-Promocion-de-la-Autoproteccion-en-Castilla-La-Mancha.jpg","type":"image\/jpeg"}],"author":"Talher","twitter_card":"summary_large_image","twitter_creator":"@Talher_","twitter_site":"@Talher_","twitter_misc":{"Escrit per":"Talher","Temps estimat de lectura":"2 minuts"},"schema":{"@context":"https:\/\/schema.org","@graph":[{"@type":"Article","@id":"https:\/\/www.talher.com\/ca\/video-presentacio-proteccyl-cim-bse-pla-promocio-autoproteccio-castilla-y-leon\/#article","isPartOf":{"@id":"https:\/\/www.talher.com\/ca\/video-presentacio-proteccyl-cim-bse-pla-promocio-autoproteccio-castilla-y-leon\/"},"author":{"name":"Talher","@id":"https:\/\/www.talher.com\/#\/schema\/person\/0b62705f914672b6cba91c4461331b08"},"headline":"V\u00eddeo-presentaci\u00f3 de ProtecCyL\/CIM-BSE. Pla de promoci\u00f3 de l&#8217;autoprotecci\u00f3 de Castilla y Le\u00f3n","datePublished":"2025-01-03T12:21:40+00:00","dateModified":"2025-01-10T17:00:29+00:00","mainEntityOfPage":{"@id":"https:\/\/www.talher.com\/ca\/video-presentacio-proteccyl-cim-bse-pla-promocio-autoproteccio-castilla-y-leon\/"},"wordCount":362,"publisher":{"@id":"https:\/\/www.talher.com\/#organization"},"image":{"@id":"https:\/\/www.talher.com\/ca\/video-presentacio-proteccyl-cim-bse-pla-promocio-autoproteccio-castilla-y-leon\/#primaryimage"},"thumbnailUrl":"https:\/\/www.talher.com\/wp-content\/uploads\/2024\/12\/Aula-didactica-ProtecCyL-CIM-BSE-Proyecto-dentro-del-Plan-de-Promocion-de-la-Autoproteccion-en-Castilla-La-Mancha.jpg","articleSection":["Destacats"],"inLanguage":"ca"},{"@type":"WebPage","@id":"https:\/\/www.talher.com\/ca\/video-presentacio-proteccyl-cim-bse-pla-promocio-autoproteccio-castilla-y-leon\/","url":"https:\/\/www.talher.com\/ca\/video-presentacio-proteccyl-cim-bse-pla-promocio-autoproteccio-castilla-y-leon\/","name":"V\u00eddeo-presentaci\u00f3 de ProtecCyL\/CIM-BSE. Pla de promoci\u00f3 de l'autoprotecci\u00f3 de Castilla y Le\u00f3n - Talher, expertos en servicios de sostenibilidad","isPartOf":{"@id":"https:\/\/www.talher.com\/#website"},"primaryImageOfPage":{"@id":"https:\/\/www.talher.com\/ca\/video-presentacio-proteccyl-cim-bse-pla-promocio-autoproteccio-castilla-y-leon\/#primaryimage"},"image":{"@id":"https:\/\/www.talher.com\/ca\/video-presentacio-proteccyl-cim-bse-pla-promocio-autoproteccio-castilla-y-leon\/#primaryimage"},"thumbnailUrl":"https:\/\/www.talher.com\/wp-content\/uploads\/2024\/12\/Aula-didactica-ProtecCyL-CIM-BSE-Proyecto-dentro-del-Plan-de-Promocion-de-la-Autoproteccion-en-Castilla-La-Mancha.jpg","datePublished":"2025-01-03T12:21:40+00:00","dateModified":"2025-01-10T17:00:29+00:00","description":"Talher participa al projecte ProtecCyL\/CIM-BSE, dins del pla de promoci\u00f3 de l'autoprotecci\u00f3 de Castilla y Le\u00f3n.","breadcrumb":{"@id":"https:\/\/www.talher.com\/ca\/video-presentacio-proteccyl-cim-bse-pla-promocio-autoproteccio-castilla-y-leon\/#breadcrumb"},"inLanguage":"ca","potentialAction":[{"@type":"ReadAction","target":["https:\/\/www.talher.com\/ca\/video-presentacio-proteccyl-cim-bse-pla-promocio-autoproteccio-castilla-y-leon\/"]}]},{"@type":"ImageObject","inLanguage":"ca","@id":"https:\/\/www.talher.com\/ca\/video-presentacio-proteccyl-cim-bse-pla-promocio-autoproteccio-castilla-y-leon\/#primaryimage","url":"https:\/\/www.talher.com\/wp-content\/uploads\/2024\/12\/Aula-didactica-ProtecCyL-CIM-BSE-Proyecto-dentro-del-Plan-de-Promocion-de-la-Autoproteccion-en-Castilla-La-Mancha.jpg","contentUrl":"https:\/\/www.talher.com\/wp-content\/uploads\/2024\/12\/Aula-didactica-ProtecCyL-CIM-BSE-Proyecto-dentro-del-Plan-de-Promocion-de-la-Autoproteccion-en-Castilla-La-Mancha.jpg","width":1040,"height":720,"caption":"Aula did\u00e1ctica ProtecCyL CIM-BSE Proyecto dentro del Plan de Promoci\u00f3n de la Autoprotecci\u00f3n en Castilla La Mancha"},{"@type":"BreadcrumbList","@id":"https:\/\/www.talher.com\/ca\/video-presentacio-proteccyl-cim-bse-pla-promocio-autoproteccio-castilla-y-leon\/#breadcrumb","itemListElement":[{"@type":"ListItem","position":1,"name":"Portada","item":"https:\/\/www.talher.com\/ca\/"},{"@type":"ListItem","position":2,"name":"V\u00eddeo-presentaci\u00f3 de ProtecCyL\/CIM-BSE. Pla de promoci\u00f3 de l&#8217;autoprotecci\u00f3 de Castilla y Le\u00f3n"}]},{"@type":"WebSite","@id":"https:\/\/www.talher.com\/#website","url":"https:\/\/www.talher.com\/","name":"Talher, empresa de servicios de sostenibilidad, jardiner\u00eda, forestal y educaci\u00f3n ambiental","description":"Sostenibilidad, jardiner\u00eda, forestal, RSU y limpieza viaria","publisher":{"@id":"https:\/\/www.talher.com\/#organization"},"potentialAction":[{"@type":"SearchAction","target":{"@type":"EntryPoint","urlTemplate":"https:\/\/www.talher.com\/?s={search_term_string}"},"query-input":{"@type":"PropertyValueSpecification","valueRequired":true,"valueName":"search_term_string"}}],"inLanguage":"ca"},{"@type":"Organization","@id":"https:\/\/www.talher.com\/#organization","name":"Talher, empresa de servicios de sostenibilidad, jardiner\u00eda, forestal y educaci\u00f3n ambiental","url":"https:\/\/www.talher.com\/","logo":{"@type":"ImageObject","inLanguage":"ca","@id":"https:\/\/www.talher.com\/#\/schema\/logo\/image\/","url":"https:\/\/www.talher.com\/wp-content\/uploads\/2023\/07\/Logo-Talher-big.jpg","contentUrl":"https:\/\/www.talher.com\/wp-content\/uploads\/2023\/07\/Logo-Talher-big.jpg","width":1400,"height":1400,"caption":"Talher, empresa de servicios de sostenibilidad, jardiner\u00eda, forestal y educaci\u00f3n ambiental"},"image":{"@id":"https:\/\/www.talher.com\/#\/schema\/logo\/image\/"},"sameAs":["https:\/\/x.com\/Talher_","https:\/\/www.linkedin.com\/company\/talher-s-a-\/"]},{"@type":"Person","@id":"https:\/\/www.talher.com\/#\/schema\/person\/0b62705f914672b6cba91c4461331b08","name":"Talher","image":{"@type":"ImageObject","inLanguage":"ca","@id":"https:\/\/secure.gravatar.com\/avatar\/6f174a7c438904d119ff80d9120fed2c0b6fbe9b4397057acb285d04543b4791?s=96&d=mm&r=g","url":"https:\/\/secure.gravatar.com\/avatar\/6f174a7c438904d119ff80d9120fed2c0b6fbe9b4397057acb285d04543b4791?s=96&d=mm&r=g","contentUrl":"https:\/\/secure.gravatar.com\/avatar\/6f174a7c438904d119ff80d9120fed2c0b6fbe9b4397057acb285d04543b4791?s=96&d=mm&r=g","caption":"Talher"},"sameAs":["https:\/\/www.talher.com\/"]}]}},"_links":{"self":[{"href":"https:\/\/www.talher.com\/ca\/wp-json\/wp\/v2\/posts\/8936","targetHints":{"allow":["GET"]}}],"collection":[{"href":"https:\/\/www.talher.com\/ca\/wp-json\/wp\/v2\/posts"}],"about":[{"href":"https:\/\/www.talher.com\/ca\/wp-json\/wp\/v2\/types\/post"}],"author":[{"embeddable":true,"href":"https:\/\/www.talher.com\/ca\/wp-json\/wp\/v2\/users\/2"}],"replies":[{"embeddable":true,"href":"https:\/\/www.talher.com\/ca\/wp-json\/wp\/v2\/comments?post=8936"}],"version-history":[{"count":5,"href":"https:\/\/www.talher.com\/ca\/wp-json\/wp\/v2\/posts\/8936\/revisions"}],"predecessor-version":[{"id":8945,"href":"https:\/\/www.talher.com\/ca\/wp-json\/wp\/v2\/posts\/8936\/revisions\/8945"}],"wp:featuredmedia":[{"embeddable":true,"href":"https:\/\/www.talher.com\/ca\/wp-json\/wp\/v2\/media\/8919"}],"wp:attachment":[{"href":"https:\/\/www.talher.com\/ca\/wp-json\/wp\/v2\/media?parent=8936"}],"wp:term":[{"taxonomy":"category","embeddable":true,"href":"https:\/\/www.talher.com\/ca\/wp-json\/wp\/v2\/categories?post=8936"},{"taxonomy":"post_tag","embeddable":true,"href":"https:\/\/www.talher.com\/ca\/wp-json\/wp\/v2\/tags?post=8936"}],"curies":[{"name":"wp","href":"https:\/\/api.w.org\/{rel}","templated":true}]}}